{"id":114,"date":"2018-11-20T15:50:58","date_gmt":"2018-11-20T15:50:58","guid":{"rendered":"https:\/\/bold-chatelet.82-165-78-40.plesk.page\/?p=114"},"modified":"2022-02-13T12:54:43","modified_gmt":"2022-02-13T12:54:43","slug":"frankfurter-sportgala-2018","status":"publish","type":"post","link":"https:\/\/frankfurter-sportstiftung.de\/index.php\/2018\/11\/20\/frankfurter-sportgala-2018\/","title":{"rendered":"FRANKFURTER SPORTGALA 2018"},"content":{"rendered":"<p>Die achte Frankfurter Sportgala in den Mainarcaden hat viele Siegerinnen und Sieger erlebt \u2013 und die Frankfurter SportStiftung geh\u00f6rte am 17. November dazu.<\/p>\n<p>&nbsp;<\/p>\n<p><strong>Eine B\u00fchne voller Sieger<\/strong><\/p>\n<p>Sportdezernent Markus Frank w\u00fcrdigte die Arbeit der SportStiftung, die in diesem Jahr ihr 50j\u00e4hriges Bestehen gefeiert hat, so: \u201eViele herausragende Leistungen w\u00e4ren ohne die Frankfurter SportStiftung nicht m\u00f6glich gewesen. Junge Talente der rund 420 Sportvereine in unserer Stadt erhalten durch sie finanzielle und materielle Unterst\u00fctzung, um qualifiziert trainieren zu k\u00f6nnen.\u201c Den Vorsitzenden der SportStiftung, J\u00fcrgen Lange, nannte Frank einen \u201eechten Unternehmer\u201c, der in den letzten drei Jahren die Spenden-Einnahmen verzehnfacht habe. Als besondere \u00dcberraschung \u00fcbergab Frank an Lange einen Scheck \u00fcber 5.000 Euro, mit dem die Stadt die Einnahmen aus dem Los-Verkauf der Spenden-Tombola des Abends aufstockte. Mit dem Los-Verkauf der Tombola selbst konnten 4.500 Euro erzielt werden.<\/p>\n<p><strong>\u201ePositive Beispiele\u201c<\/strong><\/p>\n<p>Rund 400 G\u00e4ste waren in den Mainarcaden zu Gast und feierten die Frankfurter Sportlerinnen und Sportler des Jahres 2018 in sieben Kategorien. Ausgezeichnet wurden Aktive und Trainer, die entweder f\u00fcr einen Frankfurter Verein starten oder in Frankfurt leben. \u201eAlle nominierten Sportlerinnen und Sportler haben \u00fcber einen langen Zeitraum hart f\u00fcr ihre Erfolge gearbeitet. Ihrer Disziplin und ihrem Willen, \u00fcber Grenzen zu gehen, um gro\u00dfe Ziele zu erreichen, zolle ich gro\u00dfen Respekt\u201c, sagte Sportdezernent Frank. \u201eAlle, die heute hier auf der B\u00fchne stehen, sind positive Beispiele.\u201c<\/p>\n<p>Der \u201eTrainer des Jahres\u201c durfte als Erster auf die B\u00fchne, und er erhielt den Sieger-Bembel aus der Hand von J\u00fcrgen Lange: Jan F\u00f6rster vom Frankfurter Golf-Club trainiert seit 2009 die Golfer im Junioren- und Herrenbereich, viele Talente haben dank seiner Arbeit ihren Weg gemacht. 2011 schon wurden die Frankfurter mit F\u00f6rster deutscher Meister in der Altersklasse 18. Der 18j\u00e4hrige Lukas Buller wurde 2018 Zweiter der deutschen Lochspiel-Meisterschaft und vertrat Deutschland bei den Youth Olympic Games in Buenos Aires\/Argentinien. \u201eEin guter Trainer muss das Potential der Athleten erkennen und entfalten\u201c, nannte Lange bei der \u00dcbergabe des Sieger-Bembels als wichtigste Eigenschaft.<\/p>\n<p><strong>Publikumswahl<\/strong><\/p>\n<p>In den drei Kategorien Sportlerin des Jahres, Sportler des Jahres und Mannschaft des Jahres konnte das Publikum \u00fcber die Vorschl\u00e4ge von Jury und Experten abstimmen \u2013 \u00fcber 5.000 Frankfurter beteiligten sich. Dass Eintracht Frankfurt als Fu\u00dfball-Pokalsieger am Ende eines festlichen Abends als bestes Team geehrte wurde, war angesichts der Begeisterung, die im Mai nach dem Pokal-Triumph in der ganzen Stadt geherrscht hatte, fast schon absehbar. Vereinspr\u00e4sident Peter Fischer nahm die Auszeichnung von Fu\u00dfball-Weltmeisterin Nia K\u00fcnzer entgegen.<\/p>\n<p>Sportlerin des Jahres wurde die 24 Jahre alte Weltklasse-Schwimmerin\u00a0<strong>Sarah K\u00f6hler (SG Frankfurt)<\/strong>. Mit dem 2. Platz \u00fcber 1.500 m\u00a0Freistil, dem 2. Platz mit der Freiwasser-Staffel und dem 3. Platz \u00fcber 4\u00d7200 m geh\u00f6rte sie zu den herausragenden Athletinnen der Europameisterschaft in Glasgow. Dazu kam 2018 noch die deutsche Meisterschaft \u00fcber 800 m. Ihr gro\u00dfes Ziel \u201eist eine Olympiamedaille in Tokio 2020\u201c, sagte Sarah K\u00f6hler. Sie studiert in Heidelberg, hat ihre Trainingsgruppe neuerdings in Magdeburg, sie sei aber \u201eein echtes Frankfurter M\u00e4dchen\u201c, meinte sie fr\u00f6hlich. Seit 13 Jahren geh\u00f6rt sie zur SG Frankfurt. Ihr stressiger Alltag mache ihr \u201eSpa\u00df\u201c. \u201eSport erf\u00fcllt mich, ich erlebe Dinge und lerne Menschen kennen, was ohne Sport so nicht w\u00e4re.\u201c Um 6.30 Uhr am Morgen geht es f\u00fcr sie schon in die Schwimm-Halle, rund f\u00fcnf Stunden Training stehen pro Tag auf dem Plan.<\/p>\n<p>Der Sportler des Jahres nannte seine Saison 2018 \u201eunbeschreiblich.\u201c Der geb\u00fcrtige Frankfurter\u00a0<strong>Kevin Kranz (Sprintteam Wetzlar)<\/strong>\u00a0wurde zun\u00e4chst deutscher U23-Meister \u00fcber 100 m und 200 m. \u201eDas war nicht unerwartet\u201c, sagte er. Dann kam der 21. Juni, und Kranz gewann bei der deutschen Leichtathletik-Meisterschaft in N\u00fcrnberg den Titel \u00fcber 100 m, \u201edie gr\u00f6\u00dfte \u00dcberraschung \u00fcberhaupt\u201c. Der 20j\u00e4hrige Kranz erlebte danach bei der Europameisterschaft in Berlin seine ersten internationalen Titelk\u00e4mpfe, \u201eeine unbeschreibliche Hausnummer\u201c, sagte er. Momente wie in N\u00fcrnberg seien seine Motivation. Diese \u201eintensiven zehn Sekunden\u201c als Sprinter wolle er \u201eso oft wie m\u00f6glich\u201c erleben.<\/p>\n<p><strong>Karriereende<\/strong><\/p>\n<p>Hammerwerferin\u00a0<strong>Kathrin Klaas<\/strong>\u00a0wurde beim Gala-Abend festlich verabschiedet und f\u00fcr ihre herausragende sportliche Karriere geehrt, die bei der Europameisterschaft in Berlin endete. Polizeipr\u00e4sident Gerhard Bereswill machte deutlich, dass seine Mitarbeiterin ein gutes Beispiel f\u00fcr eine gelungene \u201eDuale Karriere\u201c sei, der \u00dcbergang vom Sport in den Beruf sei gelungen. Die Sportf\u00f6rdergruppe der hessischen Polizei hat in bislang 13 Jahren rund 80 Sportlern eine Ausbildung erm\u00f6glicht.<\/p>\n<p>Kathrin Klaas war zwei Mal deutsche Meisterin und nahm vielfach an Olympischen Spielen, Welt- oder Europameisterschaften teil und verpasste dabei vier Mal als Vierte jeweils nur ganz knapp eine Medaille. Jetzt arbeitet die Polizeioberkommissarin im Social-Media-Team der Frankfurter Polizei. Angefangen hatte sie einst als H\u00fcrdenl\u00e4uferin, sattelte dann aber erfolgreich um. \u201eHammerwerfen hat mir die Welt er\u00f6ffnet\u201c, sagte sie. \u201eDie Auftritte im Stadion werde ich vermissen.\u201c Auch sie wurde \u00fcber Jahre hinweg erfolgreich von der Frankfurter SportStiftung gef\u00f6rdert.<\/p>\n<p><strong>Investition in die Zukunft<\/strong><\/p>\n<p>\u201eDamit wir auch in den n\u00e4chsten Jahren sportliche Erfolge feiern k\u00f6nnen, wird die Sportstadt Frankfurt weiter in die sportliche Infrastruktur investieren\u201c, versprach Sportdezernent Frank. Die engagierte Arbeit der Vereine vor Ort stellte er besonders heraus.<\/p>\n<p>Der Sportpreis der Stadt Frankfurt unter dem Motto \u201eSport kennt keine Grenzen\u201c ging an acht Frankfurter Leistungsgemeinschaften. Mit diesem Preis k\u00f6nnen Personen, Vereine oder Organisationen gew\u00fcrdigt werden, die sich in hervorragender Weise f\u00fcr die F\u00f6rderung und Umsetzung der gesellschaftspolitischen Aufgaben des Sports einsetzen. Die Arbeit der Leistungsgemeinschaften bildet seit Jahrzehnten eine wichtige individuelle Entwicklungschance f\u00fcr viele Kinder und Jugendliche aus allen Nationen, im Breiten- wie im Spitzensport. Der Sportpreis wird seit 2006 alle zwei Jahre vergeben und war diesmal mit insgesamt 12.000 Euro dotiert.<\/p>\n<p><a href=\"http:\/\/www.sportlerehrung-frankfurt.de\/\">www.sportlerehrung-frankfurt.de<\/a><\/p>\n<p>Die Informationen zu den Nominierten auf einen Blick:<\/p>\n<p><strong>Sportlerin des Jahres<\/strong><\/p>\n<p>Sarah K\u00f6hler (SG Frankfurt) \u2013 Schwimmen<\/p>\n<p><strong>Sportler des Jahres<\/strong><\/p>\n<p>Kevin Kranz (Sprintteam Wetzlar\/Wohnort Frankfurt) \u2013 Leichtathletik<\/p>\n<p><strong>Mannschaft des Jahres<\/strong><\/p>\n<p>Eintracht Frankfurt \u2013 Fu\u00dfball<\/p>\n<p><strong>Nachwuchssportlerin des Jahres<\/strong><\/p>\n<p>Christine Schuldt (Frankfurt FLYERS 2003 e.V.) \u2013 Trampolinturnen<\/p>\n<p><strong>Nachwuchssportler des Jahres<\/strong><\/p>\n<p>Emile Schnabel (Olympischer Eisschnelllauf Club Frankfurt e.V.) \u2013 Eisschnelllauf<\/p>\n<p><strong>Behindertensportlerin des Jahres<\/strong><\/p>\n<p>Verena Fleckenstein (Geh\u00f6rlosen Turn- und Sportverein Frankfurt am Main 1908 e.V.) \u2013 Tennis<\/p>\n<p><strong>Trainer des Jahres<\/strong><\/p>\n<p>Jan F\u00f6rster (Frankfurter Golf Club e.V.) \u2013 Golf<\/p>\n<p><strong>Sonderehrung herausragende\u00a0sportliche Karriere<\/strong><\/p>\n<p>Kathrin Klaas (LG Eintracht Frankfurt) \u2013 Hammerwerfen<\/p>\n<p><strong>Sportpreis\u00a0\u201eSport kennt keine Grenzen\u201c<\/strong><\/p>\n<p>Leichtathletikgemeinschaft Eintracht Frankfurt<br \/>\nLG Rudern \/ Frankfurter Regattaverein von 1888 e.V.<br \/>\nSchwimmgemeinschaft Frankfurt<br \/>\nLG Wasserspringen \/ H\u00f6chster Schwimmverein 1893 e.V.<br \/>\nLG Turnen \/ Turngau Frankfurt am Main e.V.<br \/>\nLG Radsport<br \/>\nLG Fechten \/ Eintracht Frankfurt e.V.<br \/>\nLG Eisschnelllauf \/ Eiskunstlauf<\/p>\n<p>Weitere Informationen zur Frankfurter Sportgala sind auf der Homepage\u00a0<a href=\"http:\/\/www.sportlerehrung-frankfurt.de\/\">www.sportlerehrung-frankfurt.de<\/a>\u00a0oder auf Nachfrage per E-Mail \u00fcber\u00a0<a href=\"mailto:frankfurter.sportlerehrung@stadt-frankfurt.de\">frankfurter.sportlerehrung@stadt-frankfurt.de<\/a>\u00a0erh\u00e4ltlich.<\/p>\n<p>Text: J\u00f6rg Hahn<br \/>\nBild: \u00a9 Sportamt Frankfurt\/ Raman-Photos<\/p>\n<p><a href=\"https:\/\/www.frankfurter-sportstiftung.de\/wp-content\/uploads\/2018\/11\/Sportlerin_Sportler_des_Jahres_2018.jpg\"><img loading=\"lazy\" decoding=\"async\" class=\"alignnone size-medium wp-image-1051\" src=\"https:\/\/www.frankfurter-sportstiftung.de\/wp-content\/uploads\/2018\/11\/Sportlerin_Sportler_des_Jahres_2018-300x300.jpg\" sizes=\"auto, (max-width: 300px) 100vw, 300px\" srcset=\"https:\/\/www.frankfurter-sportstiftung.de\/wp-content\/uploads\/2018\/11\/Sportlerin_Sportler_des_Jahres_2018-300x300.jpg 300w, https:\/\/www.frankfurter-sportstiftung.de\/wp-content\/uploads\/2018\/11\/Sportlerin_Sportler_des_Jahres_2018-150x150.jpg 150w, https:\/\/www.frankfurter-sportstiftung.de\/wp-content\/uploads\/2018\/11\/Sportlerin_Sportler_des_Jahres_2018-768x768.jpg 768w, https:\/\/www.frankfurter-sportstiftung.de\/wp-content\/uploads\/2018\/11\/Sportlerin_Sportler_des_Jahres_2018-1024x1024.jpg 1024w, https:\/\/www.frankfurter-sportstiftung.de\/wp-content\/uploads\/2018\/11\/Sportlerin_Sportler_des_Jahres_2018.jpg 2000w\" alt=\"\" width=\"300\" height=\"300\" \/><\/a><\/p>\n","protected":false},"excerpt":{"rendered":"<p>Die achte Frankfurter Sportgala in den Mainarcaden hat viele Siegerinnen und Sieger erlebt&#8230;<\/p>\n","protected":false},"author":1,"featured_media":48,"comment_status":"closed","ping_status":"closed","sticky":false,"template":"","format":"standard","meta":{"footnotes":""},"categories":[5],"tags":[],"class_list":{"0":"post-114","1":"post","2":"type-post","3":"status-publish","4":"format-standard","5":"has-post-thumbnail","7":"category-frankfurter-sport-gala"},"_links":{"self":[{"href":"https:\/\/frankfurter-sportstiftung.de\/index.php\/wp-json\/wp\/v2\/posts\/114","targetHints":{"allow":["GET"]}}],"collection":[{"href":"https:\/\/frankfurter-sportstiftung.de\/index.php\/wp-json\/wp\/v2\/posts"}],"about":[{"href":"https:\/\/frankfurter-sportstiftung.de\/index.php\/wp-json\/wp\/v2\/types\/post"}],"author":[{"embeddable":true,"href":"https:\/\/frankfurter-sportstiftung.de\/index.php\/wp-json\/wp\/v2\/users\/1"}],"replies":[{"embeddable":true,"href":"https:\/\/frankfurter-sportstiftung.de\/index.php\/wp-json\/wp\/v2\/comments?post=114"}],"version-history":[{"count":1,"href":"https:\/\/frankfurter-sportstiftung.de\/index.php\/wp-json\/wp\/v2\/posts\/114\/revisions"}],"predecessor-version":[{"id":115,"href":"https:\/\/frankfurter-sportstiftung.de\/index.php\/wp-json\/wp\/v2\/posts\/114\/revisions\/115"}],"wp:featuredmedia":[{"embeddable":true,"href":"https:\/\/frankfurter-sportstiftung.de\/index.php\/wp-json\/wp\/v2\/media\/48"}],"wp:attachment":[{"href":"https:\/\/frankfurter-sportstiftung.de\/index.php\/wp-json\/wp\/v2\/media?parent=114"}],"wp:term":[{"taxonomy":"category","embeddable":true,"href":"https:\/\/frankfurter-sportstiftung.de\/index.php\/wp-json\/wp\/v2\/categories?post=114"},{"taxonomy":"post_tag","embeddable":true,"href":"https:\/\/frankfurter-sportstiftung.de\/index.php\/wp-json\/wp\/v2\/tags?post=114"}],"curies":[{"name":"wp","href":"https:\/\/api.w.org\/{rel}","templated":true}]}}