{"id":37,"date":"2019-11-26T12:46:22","date_gmt":"2019-11-26T12:46:22","guid":{"rendered":"https:\/\/bold-chatelet.82-165-78-40.plesk.page\/?p=37"},"modified":"2022-02-13T12:44:59","modified_gmt":"2022-02-13T12:44:59","slug":"frankfurter-sportlerinnen-und-sportler-bei-der-frankfurter-sportgala-2019-ausgezeichnet","status":"publish","type":"post","link":"https:\/\/frankfurter-sportstiftung.de\/index.php\/2019\/11\/26\/frankfurter-sportlerinnen-und-sportler-bei-der-frankfurter-sportgala-2019-ausgezeichnet\/","title":{"rendered":"FRANKFURTER SPORTLERINNEN UND SPORTLER BEI DER FRANKFURTER SPORTGALA 2019 AUSGEZEICHNET"},"content":{"rendered":"<div class=\"blog-article-details\">\n<h2><a href=\"https:\/\/www.frankfurter-sportstiftung.de\/frankfurter-sportgala-2019\/\">FRANKFURTER SPORTLERINNEN UND SPORTLER BEI DER FRANKFURTER SPORTGALA 2019 AUSGEZEICHNET<\/a><\/h2>\n<\/div>\n<div class=\"post-content clearfix\">\n<p>Bei der neunten Frankfurter Sportgala ehrte Sportdezernent Markus Frank die besten Frankfurter Sportlerinnen und Sportler des Jahres mit dem begehrten Siegerbembel. Auch die Frankfurter SportStiftung war erneut mit einer Tombola am Start.<\/p>\n<p>&nbsp;<\/p>\n<p><strong>Eine B\u00fchne voller Sieger<\/strong><\/p>\n<p>Rund 400 G\u00e4ste waren am 23. November 2019 in den Mainarcaden zu Gast und feierten im festlichen Rahmen mit vielseitigem Showprogramm die Frankfurter Sportlerinnen und Sportler des Jahres 2019 in sieben Kategorien. Ausgezeichnet wurden Sportlerinnen und Sportler, die entweder f\u00fcr einen Frankfurter Verein starten oder in Frankfurt leben.<\/p>\n<p>\u201eMit der Frankfurter Sportgala klingt das Sportjahr auf eine besondere Weise aus,\u201c sagte Stadtrat Markus Frank am Samstagabend. \u201eIch freue mich dar\u00fcber, dass sich die Frankfurter Sportfamilie hier noch einmal trifft und wir gemeinsam unsere erfolgreichen Sportlerinnen und Sportler feiern k\u00f6nnen. Sie stehen stellvertretend f\u00fcr die zahlreichen Athletinnen und Athleten, die das Bild der Sportstadt Frankfurt in der Welt pr\u00e4gen.\u201c<\/p>\n<p><strong>\u00dcbersicht \u00fcber die Preistr\u00e4gerinnen und Preistr\u00e4ger:<\/strong><\/p>\n<p><strong>Sportlerin des Jahres:<\/strong><br \/>\nGesa Felicitas Krause (Silvesterlauf Trier e.V.) \u2013 Leichtathletik<br \/>\nErfolge 2019: 3. Platz Weltmeisterschaft (3.000m-Hindernis), Weltrekord (2.000m-Hindernis)<\/p>\n<p><strong>Sportler des Jahres:<\/strong><br \/>\nLeon Bunn (Spirit Frankfurt\/Team Sauerland) \u2013 Halbschwergewichts-Boxen<br \/>\nErfolge: seit Mai 2019 IBF International Champion, in 15 Profi-K\u00e4mpfen ungeschlagen<\/p>\n<p><strong>Mannschaft des Jahres:<\/strong><br \/>\nSC Frankfurt 1880 e.V. \u2013 Rugby<br \/>\nErfolge 2019: Deutsche Meisterschaft in den Altersklassen U12-U18; Deutsche Meisterschaft (Herren)<\/p>\n<p><strong>Nachwuchssportlerin des Jahres:<\/strong><br \/>\nLeonie Schwenzner (Frankfurter Roll- und Eissportclub e.V.) \u2013 Eiskunstlauf<br \/>\nErfolge: Berufung in das Ensemble Holiday on Ice 2020, 5. Platz Deutsche Meisterschaft Nachwuchs 2018, 5. Platz Challenge Cup Den Haag 2018, Siegerin Hessenpokal 2017<\/p>\n<p><strong>Nachwuchssportler des Jahres:<\/strong><br \/>\nJon\u00e1\u0161 Forejtek (Eintracht Frankfurt e.V.) \u2013 Tennis<br \/>\nErfolge 2019: 2. Platz ITF Weltrangliste Junioren, Sieger US Open im Junioren-Einzel, Sieger Grand Slam Turniere Wimbledon und Australian Open im U18-Doppel, U18-Europameister<\/p>\n<p><strong>Behindertensportler des Jahres:<\/strong><br \/>\nTim Schaffrinna (Deutscher Alpenverein Sektion Frankfurt am Main e.V. ) \u2013 Paraclimbing<br \/>\nErfolge 2019: Berufung ins Paraclimbing Team Germany, 8. Platz Para-Weltmeisterschaft Frankreich<\/p>\n<p><strong>Trainer des Jahres:<\/strong><br \/>\nDavid Corell (Hessischer Leichtathletikverband e.V.) \u2013 Leichtathletik<br \/>\nErfolge 2019: Trainer von Kevin Kranz, Deutscher Meister 60m, und Michael Pohl, Deutscher Meister 100m, Trainer von Siebenkampf-Vizeweltmeisterin Carolin Sch\u00e4fer, U20-Bundestrainer M\u00e4nner<\/p>\n<p>Neben Stadtrat Markus Frank haben verschiedene Preispatinnen und Preispaten aus Sport und Wirtschaft die begehrten Doppelhenkel-Bembel \u00fcbergeben. So freute sich Leonie Schwenzner ganz besonders, den Preis als Frankfurter Nachwuchssportlerin des Jahres aus den H\u00e4nden von Eislauflegende Marika Kilius zu erhalten. Und der Boxer Leon Bunn nahm seine Auszeichnung zum Frankfurter Sportler des Jahres von der Frankfurter Moderatorin und Schauspielerin Sonya Kraus entgegen. Die neue Frankfurter Sportlerin des Jahres Gesa Felicitas Krause konnte wegen eines Trainings in Kenia selbst nicht anwesend sein. Stellvertretend nahm Katharina Steinruck den Preis entgegen, die selbst erst vor wenigen Wochen beim Mainova Frankfurt Marathon mit einer neuen pers\u00f6nlichen Bestzeit (2:27:26 h) ihr Comeback nach einer Verletzungspause gefeiert und sich damit f\u00fcr die Olympischen Spiele in Tokio 2020 qualifiziert hat.<\/p>\n<p>Am Abend der Frankfurter Sportgala empfingen zudem der Polizeisportverein Gr\u00fcn-Wei\u00df Frankfurt e.V., der SV 1919 Niederursel e.V. und die Ruderverbindung Rheno Franconia e.V. die Silberne Ehrenplakette des Hessischen Ministerpr\u00e4sidenten zum jeweils 100-j\u00e4hrigen Vereinsbestehen f\u00fcr ihr langj\u00e4hriges ehrenamtliches Wirken aus den H\u00e4nden von Stadtrat Markus Frank.<\/p>\n<p>Moderiert wurde die Frankfurter Sportgala von Sportkommentator Florian Nass. Die Band Waterproof begleitete den Abend musikalisch und sorgte bei der abschlie\u00dfenden After-Show-Party f\u00fcr beste Stimmung bis in die Nacht hinein.<\/p>\n<p>Weitere Informationen zur Frankfurter Sportgala sind auf der Homepage\u00a0<a href=\"http:\/\/www.sportlerehrung-frankfurt.de\/\">www.sportlerehrung-frankfurt.de<\/a>\u00a0oder auf Nachfrage per E-Mail \u00fcber\u00a0<a href=\"mailto:frankfurter.sportlerehrung@stadt-frankfurt.de\">frankfurter.sportlerehrung@stadt-frankfurt.de<\/a>\u00a0erh\u00e4ltlich.<\/p>\n<p>Bild: \u00a9 Sportamt Frankfurt\/ Raman-Photos<\/p>\n<\/div>\n","protected":false},"excerpt":{"rendered":"<p>Bei der neunten Frankfurter Sportgala ehrte Sportdezernent Markus Frank die besten Frankfurter Sportlerinnen&#8230;<\/p>\n","protected":false},"author":1,"featured_media":61,"comment_status":"closed","ping_status":"closed","sticky":false,"template":"","format":"standard","meta":{"footnotes":""},"categories":[5],"tags":[],"class_list":{"0":"post-37","1":"post","2":"type-post","3":"status-publish","4":"format-standard","5":"has-post-thumbnail","7":"category-frankfurter-sport-gala"},"_links":{"self":[{"href":"https:\/\/frankfurter-sportstiftung.de\/index.php\/wp-json\/wp\/v2\/posts\/37","targetHints":{"allow":["GET"]}}],"collection":[{"href":"https:\/\/frankfurter-sportstiftung.de\/index.php\/wp-json\/wp\/v2\/posts"}],"about":[{"href":"https:\/\/frankfurter-sportstiftung.de\/index.php\/wp-json\/wp\/v2\/types\/post"}],"author":[{"embeddable":true,"href":"https:\/\/frankfurter-sportstiftung.de\/index.php\/wp-json\/wp\/v2\/users\/1"}],"replies":[{"embeddable":true,"href":"https:\/\/frankfurter-sportstiftung.de\/index.php\/wp-json\/wp\/v2\/comments?post=37"}],"version-history":[{"count":7,"href":"https:\/\/frankfurter-sportstiftung.de\/index.php\/wp-json\/wp\/v2\/posts\/37\/revisions"}],"predecessor-version":[{"id":106,"href":"https:\/\/frankfurter-sportstiftung.de\/index.php\/wp-json\/wp\/v2\/posts\/37\/revisions\/106"}],"wp:featuredmedia":[{"embeddable":true,"href":"https:\/\/frankfurter-sportstiftung.de\/index.php\/wp-json\/wp\/v2\/media\/61"}],"wp:attachment":[{"href":"https:\/\/frankfurter-sportstiftung.de\/index.php\/wp-json\/wp\/v2\/media?parent=37"}],"wp:term":[{"taxonomy":"category","embeddable":true,"href":"https:\/\/frankfurter-sportstiftung.de\/index.php\/wp-json\/wp\/v2\/categories?post=37"},{"taxonomy":"post_tag","embeddable":true,"href":"https:\/\/frankfurter-sportstiftung.de\/index.php\/wp-json\/wp\/v2\/tags?post=37"}],"curies":[{"name":"wp","href":"https:\/\/api.w.org\/{rel}","templated":true}]}}