{"id":96,"date":"2019-04-01T15:34:26","date_gmt":"2019-04-01T15:34:26","guid":{"rendered":"https:\/\/bold-chatelet.82-165-78-40.plesk.page\/?p=96"},"modified":"2022-02-13T13:10:05","modified_gmt":"2022-02-13T13:10:05","slug":"frankfurter-sportabend-2019","status":"publish","type":"post","link":"https:\/\/frankfurter-sportstiftung.de\/index.php\/2019\/04\/01\/frankfurter-sportabend-2019\/","title":{"rendered":"FRANKFURTER SPORTABEND 2019"},"content":{"rendered":"<div class=\"blog-article-details\">\n<h2><\/h2>\n<\/div>\n<div class=\"post-content clearfix\">\n<p>P\u00fcnktlich um 17 Uhr \u00f6ffnete sich die Pforte f\u00fcr die Besten: Der Frankfurter Sportabend in der Paulskirche ist am 29. M\u00e4rz wieder das festliche Stelldichein erfolgreicher Athletinnen und Athleten vom Main gewesen.<\/p>\n<p>Honoriert wurden nationale Meistertitel und internationale Spitzenplatzierungen der vergangenen zwei Jahre, vertreten waren 49 Sportarten, von A wie Aquathlon \u00fcber G wie Gardetanz bis W wie Wasserspringen. Rund 500 Aktive waren eingeladen worden. Sportdezernent Markus Frank gratulierte mit den Worten: \u201eSie stehen f\u00fcr den Spitzensport in Frankfurt am Main, der f\u00fcr eine Sportstadt genauso wichtig ist wie eine vielf\u00e4ltige Breitensport-Landschaft. Sie repr\u00e4sentieren unsere Stadt auf den sportlichen B\u00fchnen der Welt. Wir k\u00f6nnen stolz auf Sie sein.\u201c Einige auch von der Frankfurter Sportstiftung gef\u00f6rderte Athletinnen und Athleten konnten leider nicht pers\u00f6nlich teilnehmen, weil f\u00fcr sie die Saisonvorbereitung schon wieder auf Hochtouren l\u00e4uft. So fehlten die Spitzen-Leichtathleten der LG Eintracht Frankfurt um die Mehrk\u00e4mpfer Carolin Sch\u00e4fer und Andreas Bechmann wegen eines Trainingslagers in der T\u00fcrkei. Kathrin Klaas, die im vergangenen Herbst ihre Laufbahn als Hammerwerferin beendet hat, wurde letztmals ausgezeichnet, als deutsche Meisterin und EM-Teilnehmerin. Zudem \u00fcberreichte sie selbst Plaketten an andere ausgezeichnete Nachwuchsaktive, die ihr nacheifern wollen.<\/p>\n<p>Abendgarderobe statt Trainingsanzug \u2013 die allermeisten Sportlerinnen und Sportler hatten sich herausgeputzt, vor allem die Ruderer der Germania stachen in ihren einheitlichen, blauen Club-Jacken heraus. Roland Frischkorn, der im 19. Jahr als Vorsitzender Sportkreises Frankfurt agiert, konnte zufrieden ins Rund der vollbesetzten Paulskirche blicken. Der Sportkreis repr\u00e4sentiert 420 Turn- und Sportvereine mit 240.000 Mitgliedern, die sich in \u00fcber 400 Disziplinen messen. Daf\u00fcr sind auch viele ehrenamtliche Helfer notwendig. Zehn ehrenamtliche \u00dcbungs- und Jugendleiter wurden deshalb ebenfalls geehrt. \u201eAuf unserer soliden breitensportlichen Basis k\u00f6nnen junge Talente entdeckt und gef\u00f6rdert werden und sich schlussendlich zu Spitzensportlerinnen und Spitzensportlern entwickeln\u201c, sagte Stadtrat Frank. In der Ehrungsliste konnten die Teilnehmer lesen: \u201eOhne Ihren unerm\u00fcdlichen Einsatz, Trainingsflei\u00df, die Leistungsbereitschaft und den Willen zum Erfolg w\u00e4ren die Triumphe, die auch die Sportstadt Frankfurt schm\u00fccken, nicht m\u00f6glich.\u201c<\/p>\n<p>Die Ehrung geht auf einen Magistratsbeschluss aus dem Jahr 1925 zur\u00fcck und findet seit 1949 alle zwei Jahre statt. Nach der \u201eOrdnung der Stadt Frankfurt am Main f\u00fcr Auszeichnungen auf dem Gebiet des Sports\u201c werden Sportlerinnen und Sportler ber\u00fccksichtigt, die f\u00fcr einen Frankfurter Turn- und Sportverein starten und\/oder ihren Wohnsitz in Frankfurt am Main haben. Geehrt werden Sportlerinnen und Sportler aller Altersklassen, die den 1. Platz bei offiziellen deutschen Meisterschaften und\/oder die Pl\u00e4tze 1 bis 3 bei Olympischen Spielen, Paralympics sowie bei international anerkannten Welt- und Europameisterschaften belegt haben. Dar\u00fcber hinaus werden Juniorinnen und Junioren, Jugendliche und Aktive der jeweiligen Hauptklasse einer Sportart f\u00fcr ihre Teilnahme an international anerkannten Veranstaltungen geehrt.<\/p>\n<p>Hier finden Sie eine Bildergalerie des Frankfurter Sportabends 2019:<\/p>\n<p><a href=\"https:\/\/www.sportlerehrung-frankfurt.de\/sportabend\/sportabend-galerie-2019\/\">https:\/\/www.sportlerehrung-frankfurt.de\/sportabend\/sportabend-galerie-2019\/<\/a><\/p>\n<p>Text: J\u00f6rg Hahn<\/p>\n<p>Quelle: Raman-Photos \/ Sportamt Frankfurt<\/p>\n<\/div>\n","protected":false},"excerpt":{"rendered":"<p>P\u00fcnktlich um 17 Uhr \u00f6ffnete sich die Pforte f\u00fcr die Besten: Der Frankfurter Sportabend in der Paulskirche ist am 29. M\u00e4rz wieder das festliche Stelldichein erfolgreicher Athletinnen und Athleten vom Main gewesen.<\/p>\n","protected":false},"author":1,"featured_media":49,"comment_status":"closed","ping_status":"closed","sticky":false,"template":"","format":"standard","meta":{"footnotes":""},"categories":[7],"tags":[],"class_list":{"0":"post-96","1":"post","2":"type-post","3":"status-publish","4":"format-standard","5":"has-post-thumbnail","7":"category-frankfurter-sportabend"},"_links":{"self":[{"href":"https:\/\/frankfurter-sportstiftung.de\/index.php\/wp-json\/wp\/v2\/posts\/96","targetHints":{"allow":["GET"]}}],"collection":[{"href":"https:\/\/frankfurter-sportstiftung.de\/index.php\/wp-json\/wp\/v2\/posts"}],"about":[{"href":"https:\/\/frankfurter-sportstiftung.de\/index.php\/wp-json\/wp\/v2\/types\/post"}],"author":[{"embeddable":true,"href":"https:\/\/frankfurter-sportstiftung.de\/index.php\/wp-json\/wp\/v2\/users\/1"}],"replies":[{"embeddable":true,"href":"https:\/\/frankfurter-sportstiftung.de\/index.php\/wp-json\/wp\/v2\/comments?post=96"}],"version-history":[{"count":1,"href":"https:\/\/frankfurter-sportstiftung.de\/index.php\/wp-json\/wp\/v2\/posts\/96\/revisions"}],"predecessor-version":[{"id":97,"href":"https:\/\/frankfurter-sportstiftung.de\/index.php\/wp-json\/wp\/v2\/posts\/96\/revisions\/97"}],"wp:featuredmedia":[{"embeddable":true,"href":"https:\/\/frankfurter-sportstiftung.de\/index.php\/wp-json\/wp\/v2\/media\/49"}],"wp:attachment":[{"href":"https:\/\/frankfurter-sportstiftung.de\/index.php\/wp-json\/wp\/v2\/media?parent=96"}],"wp:term":[{"taxonomy":"category","embeddable":true,"href":"https:\/\/frankfurter-sportstiftung.de\/index.php\/wp-json\/wp\/v2\/categories?post=96"},{"taxonomy":"post_tag","embeddable":true,"href":"https:\/\/frankfurter-sportstiftung.de\/index.php\/wp-json\/wp\/v2\/tags?post=96"}],"curies":[{"name":"wp","href":"https:\/\/api.w.org\/{rel}","templated":true}]}}